{"id":702,"date":"2022-02-03T12:51:09","date_gmt":"2022-02-03T11:51:09","guid":{"rendered":"https:\/\/www.salesianssarria.com\/blog\/share\/?p=702"},"modified":"2025-03-12T14:44:44","modified_gmt":"2025-03-12T13:44:44","slug":"resultat-sorteig-cistella-solidaria-2","status":"publish","type":"post","link":"https:\/\/share.salesianssarria.com\/index.php\/2022\/02\/03\/resultat-sorteig-cistella-solidaria-2\/","title":{"rendered":"Resultat del sorteig cistella solid\u00e0ria"},"content":{"rendered":"<h3><strong>Divendres 28 de gener, durant la Festa de Don Bosco de tarda, vam sortejar la gran cistella solid\u00e0ria de Share. <\/strong><\/h3>\n<p>Ja tenim els n\u00fameros premiats de la rifa de la gran cistella solid\u00e0ria! El PRIMER premi correspon al n\u00famero 4346 (1r suplent 3237, 2n suplent 4538); el SEGON premi ha estat el n\u00famero 649 (1r suplent 665, 2n suplent 4327) i el TERCER premi el n\u00famero 4003 (1r suplent 1059, 2n suplent 951).<\/p>\n<p>El sorteig, entre totes les participacions venudes, s\u2019ha realitzat mitjan\u00e7ant el sistema aleatori de Sortea2.com que ha extret el n\u00famero del guanyador i els n\u00fameros de dos suplents.<\/p>\n<p>Moltes gr\u00e0cies a totes les persones que heu col\u00b7laborat en la rifa solid\u00e0ria aportant el vostre granet de sorra al projecte <strong>Share<\/strong>.<\/p>\n<p>Enhorabona als guanyadors! Moltes felicitats!<\/p>\n<p><img loading=\"lazy\" decoding=\"async\" class=\"aligncenter size-large wp-image-704\" src=\"https:\/\/www.salesianssarria.com\/blog\/share\/wp-content\/uploads\/2022\/11\/202201-premis-STL_6-1024x768.jpg\" alt=\"\" width=\"735\" height=\"551\" srcset=\"https:\/\/share.salesianssarria.com\/wp-content\/uploads\/2022\/11\/202201-premis-STL_6.jpg 1024w, https:\/\/share.salesianssarria.com\/wp-content\/uploads\/2022\/11\/202201-premis-STL_6-300x225.jpg 300w, https:\/\/share.salesianssarria.com\/wp-content\/uploads\/2022\/11\/202201-premis-STL_6-768x576.jpg 768w\" sizes=\"(max-width: 735px) 100vw, 735px\" \/><\/p>\n","protected":false},"excerpt":{"rendered":"<p>Divendres 28 de gener, durant la Festa de Don Bosco de tarda, vam &hellip; <\/p>\n","protected":false},"author":6,"featured_media":704,"comment_status":"open","ping_status":"open","sticky":false,"template":"","format":"standard","meta":{"footnotes":""},"categories":[1],"tags":[],"_links":{"self":[{"href":"https:\/\/share.salesianssarria.com\/index.php\/wp-json\/wp\/v2\/posts\/702"}],"collection":[{"href":"https:\/\/share.salesianssarria.com\/index.php\/wp-json\/wp\/v2\/posts"}],"about":[{"href":"https:\/\/share.salesianssarria.com\/index.php\/wp-json\/wp\/v2\/types\/post"}],"author":[{"embeddable":true,"href":"https:\/\/share.salesianssarria.com\/index.php\/wp-json\/wp\/v2\/users\/6"}],"replies":[{"embeddable":true,"href":"https:\/\/share.salesianssarria.com\/index.php\/wp-json\/wp\/v2\/comments?post=702"}],"version-history":[{"count":2,"href":"https:\/\/share.salesianssarria.com\/index.php\/wp-json\/wp\/v2\/posts\/702\/revisions"}],"predecessor-version":[{"id":707,"href":"https:\/\/share.salesianssarria.com\/index.php\/wp-json\/wp\/v2\/posts\/702\/revisions\/707"}],"wp:featuredmedia":[{"embeddable":true,"href":"https:\/\/share.salesianssarria.com\/index.php\/wp-json\/wp\/v2\/media\/704"}],"wp:attachment":[{"href":"https:\/\/share.salesianssarria.com\/index.php\/wp-json\/wp\/v2\/media?parent=702"}],"wp:term":[{"taxonomy":"category","embeddable":true,"href":"https:\/\/share.salesianssarria.com\/index.php\/wp-json\/wp\/v2\/categories?post=702"},{"taxonomy":"post_tag","embeddable":true,"href":"https:\/\/share.salesianssarria.com\/index.php\/wp-json\/wp\/v2\/tags?post=702"}],"curies":[{"name":"wp","href":"https:\/\/api.w.org\/{rel}","templated":true}]}}